{"provider_url": "https://www.araucaria.pr.leg.br", "title": "Assessores da CMA participam de curso na C\u00e2mara de Curitiba", "html": "<p>\u00a0</p>\r\n<p style=\"text-align: center; \"><em><img src=\"https://www.araucaria.pr.leg.br/CursoEscola.jpeg/@@images/37f94add-aa6d-4324-9aba-e97977cbdc8d.jpeg\" alt=\"Curso Escola\" class=\"image-inline\" title=\"Curso Escola\" /></em></p>\r\n<p align=\"center\"><i>A capacita\u00e7\u00e3o foi uma parceria entres as escolas do legislativo da C\u00e2mara de Arauc\u00e1ria com a de Curitiba.</i></p>\r\n<p>\u00a0</p>\r\n<p><span>A tarde desta quarta-feira (12) foi movimentada para assessores dos vereadores da C\u00e2mara Municipal de Arauc\u00e1ria (CMA). \u00c9 que eles participaram do curso </span>\u201cNo\u00e7\u00f5es B\u00e1sicas de Leg\u00edstica e Processo Legislativo\u201d promovido pela C\u00e2mara Municipal de Curitiba. O objetivo do curso foi promover a capacita\u00e7\u00e3o, amplia\u00e7\u00e3o de conhecimentos e a busca pela efici\u00eancia nas produ\u00e7\u00f5es de normas legislativas.</p>\r\n<p>O curso foi realizado pela Escola do Legislativo da C\u00e2mara de Curitiba que, em contato com a atual gest\u00e3o da Escola do Legislativo da CMA, ofereceu a oportunidade que foi prontamente aceita pela diretora Aline Bueno. Isso demonstra a necess\u00e1ria parceria entre as escolas de ambos legislativos para desempenhar a\u00e7\u00f5es e foi enfatizado por Aline Bueno. \u201cA parceria entre as escolas \u00e9 importante visto que o trabalho da escola de Curitiba tem uma estrutura maior e abrangente de conhecimento que podem nos ajudar na nova gest\u00e3o\u201d, comentou a diretora.</p>\r\n<p style=\"text-align: center; \"><img src=\"https://www.araucaria.pr.leg.br/Capacitao.jpeg/@@images/e76d6325-becf-4ffa-af28-ef0fa4ea979c.jpeg\" alt=\"\" class=\"image-inline\" title=\"\" /></p>\r\n<p style=\"text-align: center; \">\u00a0</p>\r\n<p>A participa\u00e7\u00e3o dos assessores foi importante principalmente para aqueles que, apesar de conhecerem o processo legislativo, come\u00e7aram seus trabalhos com vereadores em primeiro mandato, como \u00e9 o caso da assessora G\u00e9ssica Medeiros, do gabinete do vereador Gilmar do Sindimont (PT). Para ela, \u201csempre \u00e9 bom saber e rever conte\u00fados introdut\u00f3rios e saber sobre projetos de leis e leg\u00edstica, al\u00e9m de ser muito importante come\u00e7ar a legislatura com conte\u00fado refor\u00e7ado\u201d, enfatizou.</p>\r\n<p style=\"text-align: center; \"><img src=\"https://www.araucaria.pr.leg.br/CursoCMCservidores.jpeg/@@images/7ef7cea6-6210-48bd-a51c-07b16d503408.jpeg\" alt=\"\" class=\"image-inline\" title=\"\" /></p>\r\n<p>A diretora da Escola do Legislativo <span>Aline Bueno</span> destacou a import\u00e2ncia da participa\u00e7\u00e3o dos novos assessores no curso, refor\u00e7ando que \u201cum corpo t\u00e9cnico bem preparado \u00e9 essencial para a elabora\u00e7\u00e3o de leis mais eficazes e que realmente atendam \u00e0s necessidades da popula\u00e7\u00e3o\u201d.\u00a0<span>O vereador Professor Valter (SDD) tamb\u00e9m esteve presente no curso de capacita\u00e7\u00e3o juntamente com sua equipe de assessoria.\u00a0</span></p>\r\n<p style=\"text-align: center; \"><span><img src=\"https://www.araucaria.pr.leg.br/CursoCMC.jpeg/@@images/e276d51a-d45e-4061-8b25-2fa8685db3fe.jpeg\" alt=\"\" class=\"image-inline\" title=\"\" /><br /></span></p>", "author_name": "luis.gustavo", "version": "1.0", "author_url": "https://www.araucaria.pr.leg.br/author/luis.gustavo", "provider_name": "C\u00e2mara Municipal de Arauc\u00e1ria", "type": "rich"}