{"provider_url": "https://www.araucaria.pr.leg.br", "title": "CMA e o Dia Mundial de Conscientiza\u00e7\u00e3o do Autismo", "html": "<p align=\"justify\"><span>Hoje, dia 02 de Abril \u00e9 o Dia Mundial de Conscientiza\u00e7\u00e3o do Autismo, uma data fundamental para promover a compreens\u00e3o e aceita\u00e7\u00e3o das pessoas com Transtorno do Espectro Autista (TEA). Essa data \u00e9 importante porque ajuda a aumentar a visibilidade do autismo, educando a sociedade sobre as caracter\u00edsticas e desafios enfrentados por indiv\u00edduos autistas.</span></p>\r\n<p align=\"justify\"><span>Na 7\u00aa sess\u00e3o ordin\u00e1ria tivemos a participa\u00e7\u00e3o da moradora de Arauc\u00e1ria <strong>Thais Souza</strong>, integrante do grupo<strong> \u201cAutismo na Pr\u00e1tica\u201d</strong> formado por m\u00e3es de crian\u00e7as at\u00edpicas que refor\u00e7ou em seu momento de fala a seguinte frase para reflex\u00e3o:<strong> \u201c\u00e9 melhor ajudar na inclus\u00e3o do que depender dela\u201d.</strong></span></p>\r\n<p align=\"justify\"><span>A conscientiza\u00e7\u00e3o \u00e9 essencial para combater estigmas e preconceitos, permitindo que as pessoas com autismo sejam vistas como parte integrante da comunidade. Al\u00e9m disso, o dia serve como um lembrete da necessidade de inclus\u00e3o e apoio, tanto em ambientes educacionais quanto sociais e profissionais.</span></p>\r\n<p align=\"justify\"><span><span><span><span><span><span><span>Ao promover a empatia e o entendimento, o Dia da Conscientiza\u00e7\u00e3o do Autismo contribui para a constru\u00e7\u00e3o de um mundo mais acolhedor e respeitoso, onde todos possam ter a oportunidade de se desenvolver e prosperar, independentemente de suas diferen\u00e7as.</span></span></span></span></span></span></span></p>\r\n<p align=\"justify\">Redatora: Polliana Henemberg.</p>", "author_name": "", "version": "1.0", "author_url": "https://www.araucaria.pr.leg.br/author/vinicius", "provider_name": "C\u00e2mara Municipal de Arauc\u00e1ria", "type": "rich"}