{"provider_url": "https://www.araucaria.pr.leg.br", "title": "S\u00e9rie Chefes da C\u00e2mara: Angelica Mika - Chefe de Gabinete", "html": "<p class=\"Standard\" style=\"text-align: justify; \"><strong>S\u00e9rie Chefes da C\u00e2mara: Angelica Mika - Chefe de Gabinete</strong></p>\r\n<p class=\"Standard\" style=\"text-align: justify; \">Angelica Mika Jagodzinski, tem 31 anos e \u00e9 natural aqui mesmo de Arauc\u00e1ria. Atualmente\u00a0 mora no bairro da Campina da Barra. Ela j\u00e1 conhece o funcionamento da C\u00e2mara, pois trabalha por aqui desde a gest\u00e3o de 2017. Nesse per\u00edodo atuou como assessora do vereador Celso Nic\u00e1cio de janeiro de 2017 a novembro de 2019 e at\u00e9 dezembro de 2020 teve a oportunidade de compor a Escola do Legislativo Municipal de Arauc\u00e1ria at\u00e9 dezembro de 2020.</p>\r\n<p class=\"Textbody\" style=\"text-align: justify; \">Hoje, Angelica faz parte do quadro de funcion\u00e1rios do gabinete do vereador Vilson Cordeiro \u2013 Grilo (PSL). Ela \u00e9 chefe de gabinete e, junto dela, est\u00e3o as assessoras Lisandra, Magali e Tha\u00eds. Segundo Angelica, isso \u201cmostra o espa\u00e7o que as mulheres conquistaram em um ambiente que por muitos anos foi dominado por homens\u201d.</p>\r\n<p class=\"Textbody\" style=\"text-align: justify; \">Questionada sobre o que considera a principal conquista das mulheres, ela faz uma linha do tempo que representa essa luta:</p>\r\n<p class=\"Textbody\" style=\"text-align: justify; \">\u00b71827- Meninas s\u00e3o liberadas para frequentarem a escola.</p>\r\n<p class=\"Textbody\" style=\"text-align: justify; \">\u00b71879- Mulheres conquistam o direito ao acesso \u00e0 faculdade.</p>\r\n<p class=\"Textbody\" style=\"text-align: justify; \">\u00b71910- Primeiro partido pol\u00edtico feminino \u00e9 criado.</p>\r\n<p class=\"Textbody\" style=\"text-align: justify; \">\u00b71932- Mulheres conquistam o direito ao voto.</p>\r\n<p class=\"Textbody\" style=\"text-align: justify; \">\u00b71962- \u00c9 criado o Estatuto da Mulher Casada.</p>\r\n<p class=\"Textbody\" style=\"text-align: justify; \">\u00b71974- Mulheres conquistam o direito de portarem um cart\u00e3o de cr\u00e9dito.</p>\r\n<p class=\"Textbody\" style=\"text-align: justify; \">\u00b71977- A Lei do Div\u00f3rcio \u00e9 aprovada.</p>\r\n<p class=\"Textbody\" style=\"text-align: justify; \">\u00b71979- Mulheres garantem o direito \u00e0 pr\u00e1tica do futebol.</p>\r\n<p class=\"Textbody\" style=\"text-align: justify; \">\u00b71985- \u00c9 criada a primeira Delegacia da Mulher.</p>\r\n<p class=\"Textbody\" style=\"text-align: justify; \">\u00b71988- A Constitui\u00e7\u00e3o Brasileira passa a reconhecer as mulheres como iguais aos homens.</p>\r\n<p class=\"Textbody\" style=\"text-align: justify; \">\u00b72002- \u201cFalta de Virgindade\u201d deixa de ser crime.</p>\r\n<p class=\"Textbody\" style=\"text-align: justify; \">\u00b72006- \u00c9 sancionada a Lei Maria da Penha.</p>\r\n<p class=\"Textbody\" style=\"text-align: justify; \">\u00b72015- \u00c9 aprovada a Lei do Feminic\u00eddio.</p>\r\n<p class=\"Textbody\" style=\"text-align: justify; \">\u00b72018- A importuna\u00e7\u00e3o sexual feminina passou a ser considerado crime.</p>\r\n<p class=\"Textbody\" style=\"text-align: justify; \">Angelica explana ainda que \u201c\u00e9 importante afirmar que o Dia Internacional da Mulher foi criado por d\u00e9cadas de engajamento pol\u00edtico das mulheres pelo reconhecimento de sua causa, isso mostra a for\u00e7as que as mulheres t\u00eam, sempre lutando e buscando igualdade dentro da sociedade\u201d.</p>\r\n<p class=\"Textbody\" style=\"text-align: justify; \">\u00a0 \u00a0 \u00a0 \u00a0<img src=\"https://www.araucaria.pr.leg.br/WhatsAppImage20210310at10.09.05.jpeg/@@images/516c312e-475b-4576-899c-cacf778e03ce.jpeg\" alt=\"\" class=\"image-inline\" title=\"\" /></p>\r\n<p class=\"Textbody\" style=\"text-align: justify; \">\u00a0 \u00a0 \u00a0 \u00a0<img src=\"https://www.araucaria.pr.leg.br/WhatsAppImage20210310at10.09.25.jpeg/@@images/960dbf1a-fe73-44c5-a220-018681a9f8ca.jpeg\" alt=\"\" class=\"image-inline\" title=\"\" /></p>\r\n<p class=\"Textbody\" style=\"text-align: justify; \"><br />\u00a0 \u00a0 \u00a0</p>", "author_name": "", "version": "1.0", "author_url": "https://www.araucaria.pr.leg.br/author/rdpadilha", "provider_name": "C\u00e2mara Municipal de Arauc\u00e1ria", "type": "rich"}