{"provider_url": "https://www.araucaria.pr.leg.br", "title": "S\u00e9rie conhe\u00e7a os novos: Professor Valter (CIDADANIA)", "html": "<p style=\"text-align: justify; \"><span>Nessa s\u00e9rie em que apresentaremos os novos vereadores da C\u00e2mara Municipal de Arauc\u00e1ria, falaremos sobre a hist\u00f3ria do parlamentar e suas expectativas para essa nova experi\u00eancia: a fun\u00e7\u00e3o de vereador.</span></p>\r\n<p style=\"text-align: justify; \">Hoje apresentamos Sebasti\u00e3o Valter Fernandes do CIDADANIA.</p>\r\n<p style=\"text-align: justify; \">Sebasti\u00e3o Valter Fernandes nasceu em Pitanga, interior do Paran\u00e1. Atualmente \u00e9 professor na disciplina de Geografia, mas j\u00e1 foi militar do Ex\u00e9rcito Brasileiro, auxiliar de produ\u00e7\u00e3o em f\u00e1bricas, vigia, motorista entre outras fun\u00e7\u00f5es. Em 2001 decidiu retornar para as salas de aula em busca de uma gradua\u00e7\u00e3o onde, com as dificuldades enfrentadas, conseguiu se formar como em Licenciatura em Geografia: \u201cfoi dif\u00edcil, estava casado, com fam\u00edlia, trabalhando, tive que me empenhar bastante nos estudos\u201d afirmou.</p>\r\n<p style=\"text-align: justify; \"><span>Professor Valter, Diretor Valter ou Cabo Valter s\u00e3o uma das formas que as pessoas o conhecem, sendo as duas primeiras em raz\u00e3o de seu trabalho na educa\u00e7\u00e3o e a terceira em raz\u00e3o da sua carreira militar. Valter mora em Arauc\u00e1ria faz pouco tempo, mais precisamente 3 anos, mas j\u00e1 conhece muito bem a cidade, pois leciona por aqui desde 2008. \u201cEm 2008 fiz o concurso p\u00fablico aqui em Arauc\u00e1ria, passei no concurso para lecionar para o ensino fundamental 2, na disciplina de geografia. Fui nomeado para trabalhar na Escola Professora Nadir, depois em 2009 na Escola Professora Maria Aparecida e em 2010 na Escola Senador Marcos Freire\u201d. Todo esse tempo em sala de aula na cidade lhe confere um amplo conhecimento da realidade das crian\u00e7as das regi\u00f5es onde essas escolas est\u00e3o.</span></p>\r\n<p style=\"text-align: justify; \"><span>Professor Valter destaca que nesse per\u00edodo lecionando, foi tamb\u00e9m diretor, onde segundo ele, transformou a realidade da escola. \u201cTrabalhei muito na escola, com uma equipe maravilhosa, transformamos a escola p\u00fablica em padr\u00e3o escola particular, com Wi-Fi, \u00e1rea coberta, \u00e1rea de lazer, ar-condicionado. Hoje a escola tem altos \u00edndices no IDEB em nossa cidade\u201d, enfatiza.</span></p>\r\n<p style=\"text-align: justify; \"><span>O seu trabalho como professor nas escolas lhe garantiu um amplo conhecimento da realidade das escolas e das fam\u00edlias dos estudantes. E dentro disso, o Vereador Professor Valter conta que, por saber as necessidades da educa\u00e7\u00e3o p\u00fablica o \u201ccredencia para reivindicar solu\u00e7\u00f5es que podem ser aplicadas nas escolas\u201d bem como \u201csair do ch\u00e3o da escola e saber o que acontece com os nossos alunos, visitar suas casas\u201d permite evitar que ocorra a evas\u00e3o escolar.</span></p>\r\n<p style=\"text-align: justify; \"><span>Sobre o que espera nesse seu 1\u00b0 mandato, ele \u00e9 enf\u00e1tico: n\u00e3o querer decepcionar seus eleitores. \u201cUmas das coisas que mais rezo e espero, \u00e9 para que eu n\u00e3o decepcione as pessoas, que essas pessoas n\u00e3o percam as expectativas\u201d, conta. O vereador Professor Valter conta que vai trabalhar pela educa\u00e7\u00e3o, cultura e lazer na cidade de Arauc\u00e1ria, para que os jovens n\u00e3o saiam da cidade e v\u00e3o para outros lugares atr\u00e1s de entretenimento.</span></p>\r\n<p style=\"text-align: justify; \"><span><br /></span></p>\r\n<p style=\"text-align: justify; \"><span><img src=\"https://www.araucaria.pr.leg.br/copy_of_Interna.jpeg/@@images/c6e7fd02-1876-443f-a994-f5a610e5c27f.jpeg\" alt=\"Professor Valter\" class=\"image-inline\" title=\"Professor Valter\" /></span></p>", "author_name": "", "version": "1.0", "author_url": "https://www.araucaria.pr.leg.br/author/rdpadilha", "provider_name": "C\u00e2mara Municipal de Arauc\u00e1ria", "type": "rich"}