{"provider_url": "https://www.araucaria.pr.leg.br", "title": "S\u00e9rie Conhe\u00e7a os Novos: Ricardo Teixeira (PSDB)", "html": "<p><span><span><span><b>S\u00e9rie Conhe\u00e7a os Novos: Ricardo Teixeira (PSDB)<br /><br /></b></span></span></span></p>\r\n<p style=\"text-align: justify; \"><span><span><span><span>Nessa s\u00e9rie em que apresentaremos os novos vereadores da C\u00e2mara Municipal de Arauc\u00e1ria, falaremos sobre a hist\u00f3ria do parlamentar e suas expectativas para essa nova experi\u00eancia: a fun\u00e7\u00e3o de vereador.</span></span></span></span></p>\r\n<p style=\"text-align: justify; \"><span><span><span><span><span><span><span><span>Hoje apresentamos: </span></span></span></span></span></span></span></span><span><span><span><span><span><span><span>Ricardo Teixeira</span></span></span></span></span></span></span><span><span><span><span><span><span><span> do P</span></span></span></span></span></span></span><span><span><span><span><span><span><span>SDB</span></span></span></span></span></span></span><span><span><span><span><span><span><span>.</span></span></span></span></span></span></span></p>\r\n<p style=\"text-align: justify; \"><span>Ricardo Teixeira de Oliveira, \u00e9 casado e </span><span>tem </span><span>4 filhos. Nascido em Umuarama, chegou </span><span>em Arauc\u00e1ria no ano de </span><span>1988. </span><span>Foi aqui que seus pais junto de suas irm\u00e3s escolheram para</span><span> construir a hist\u00f3ria da fam\u00edlia.</span></p>\r\n<p style=\"text-align: justify; \"><span><span><span><span><span><span><span>Sua forma\u00e7\u00e3o come\u00e7ou como t\u00e9cnico em contabilidade pelo Col\u00e9gio Estadual Julio Szymansky, logo ap\u00f3s, se formou em Educa\u00e7\u00e3o F\u00edsica pela Universidade Federal do Paran\u00e1. </span></span></span></span></span></span></span><span><span><span><span><span><span><span>Iniciou a sua carreira de professor na rede estadual de ensino do Paran\u00e1 em 2003. No ano de 2012 assumiu o cargo de professor em Arauc\u00e1ria.Teixeira chegou a o</span></span></span></span></span></span></span><span><span><span><span><span><span><span>cup</span></span></span></span></span></span></span><span><span><span><span><span><span><span>ar</span></span></span></span></span></span></span><span><span><span><span><span><span><span> outros cargos na administra\u00e7\u00e3o p\u00fablica. Quando </span></span></span></span></span></span></span><span><span><span><span><span><span><span>exerceu a fun\u00e7\u00e3o</span></span></span></span></span></span></span><span><span><span><span><span><span><span> </span></span></span></span></span></span></span><span><span><span><span><span><span><span>de</span></span></span></span></span></span></span><span><span><span><span><span><span><span> ouvidor da Prefeitura de Arauc\u00e1ria, desenvolveu a informatiza\u00e7\u00e3o do sistema de protocolo e levou a ouvidoria ao Espa\u00e7o Cidad\u00e3o com a inten\u00e7\u00e3o de aproximar o departamento da comunidade.</span></span></span></span></span></span></span></p>\r\n<p style=\"text-align: justify; \"><span><span><span>Em 2013 assumiu como diretor auxiliar no Col\u00e9gio Estadual Marilze Brandt da Luz, ficando na dire\u00e7\u00e3o principal pouco tempo depois. Durante seu mandato, o Col\u00e9gio Marilze foi o que mais recebeu verbas do governo do estado nos \u00faltimos anos no munic\u00edpio de Arauc\u00e1ria, e, com isso, conseguiu realizar reestrutura\u00e7\u00f5es importantes e necess\u00e1rias nas depend\u00eancias da escola, trazendo mais conforto e seguran\u00e7a aos alunos e a comunidade. Al\u00e9m disso, trouxe projetos de importante valor social, como o \u201cEscola Conectada\u201d voltada para a inclus\u00e3o digital dos alunos.</span></span></span></p>\r\n<p style=\"text-align: justify; \"><span><span><span><span><span><span><span>Ricardo sempre gostou de desenvolver trabalhos em prol da comunidade, e </span></span></span></span></span></span></span><span><span><span><span><span><span><span>se </span></span></span></span></span></span></span><span><span><span><span><span><span><span>envolveu com pol\u00edtica e projetos sociais desde cedo. Assumiu a assessoria da juventude do PSDB em 2009, e desenvolveu trabalhos como o EcoJovem, os </span></span></span></span></span></span></span><span><span><span><span><span><span><span>gr\u00eamios</span></span></span></span></span></span></span><span><span><span><span><span><span><span> estudantis nas escolas do munic\u00edpio, e, organizou eventos na cidade para lazer da juventude, como shows no Parque Cachoeira com bandas renomadas, </span></span></span></span></span></span></span><span><span><span><span><span><span><span>atraindo</span></span></span></span></span></span></span><span><span><span><span><span><span><span> centenas de jovens araucariense.</span></span></span></span></span></span></span></p>\r\n<p style=\"text-align: justify; \"><span><span><span>Para os cargos do legislativo, Ricardo foi candidato a vereador de Arauc\u00e1ria em 2004. Em 2006 foi candidato a deputado estadual. Na \u00faltima elei\u00e7\u00e3o, em 2020, foi eleito com expressivos 1231 votos do cidad\u00e3o araucariense, sendo escolhido democraticamente para compor essa casa.</span></span></span></p>\r\n<p style=\"text-align: justify; \"><span><span><span><span><span><span><span>Teixeira ocupa cargos de responsabilidade dentro da C\u00e2mara Municipal, </span></span></span></span></span></span></span><span><span><span><span><span><span><span>como </span></span></span></span></span></span></span><span><span><span><span><span><span><span>de primeiro-secret\u00e1rio da mesa do legislativo, presid</span></span></span></span></span></span></span><span><span><span><span><span><span><span>\u00eancia</span></span></span></span></span></span></span><span><span><span><span><span><span><span> da Comiss\u00e3o de Educa\u00e7\u00e3o e Bem Estar e, tamb\u00e9m, presidente da Comiss\u00e3o de Finan\u00e7as e Or\u00e7amentos.</span></span></span></span></span></span></span></p>\r\n<p style=\"text-align: justify; \"><span><span><span>Para esse mandato o professor espera criar leis e indica\u00e7\u00f5es realmente pertinentes ao legislativo com o objetivo de sanar as principais necessidades da popula\u00e7\u00e3o de Arauc\u00e1ria, com ajuda da assessoria t\u00e9cnica que trabalha com ele, \u201cEu n\u00e3o quero somente apontar os problemas que nosso munic\u00edpio enfrenta, quero, tamb\u00e9m, solucion\u00e1-los\u201d, almeja o vereador.</span></span></span></p>\r\n<p style=\"text-align: justify; \"><span><span><span><img src=\"https://www.araucaria.pr.leg.br/IMG_0830.jpg/@@images/1c2ab287-264d-4c4a-848e-d1b9cae375f7.jpeg\" alt=\"\" class=\"image-inline\" title=\"\" />\u00a0</span></span></span></p>\r\n<p>\u00a0</p>", "author_name": "", "version": "1.0", "author_url": "https://www.araucaria.pr.leg.br/author/rdpadilha", "provider_name": "C\u00e2mara Municipal de Arauc\u00e1ria", "type": "rich"}